{"id":5832,"date":"2025-02-24T23:39:31","date_gmt":"2025-02-25T04:39:31","guid":{"rendered":"https:\/\/pscpartners.ca\/conference-annuelle-des-partenaires-du-cps-2025-reservez-la-date\/"},"modified":"2025-05-14T12:33:42","modified_gmt":"2025-05-14T16:33:42","slug":"conference-annuelle-des-partenaires-du-cps-2025-reservez-la-date","status":"publish","type":"post","link":"https:\/\/pscpartners.ca\/fr\/conference-annuelle-des-partenaires-du-cps-2025-reservez-la-date\/","title":{"rendered":"Conf\u00e9rence annuelle des partenaires du CSP 2025 : R\u00e9servez la date&nbsp;!"},"content":{"rendered":"<div class=\"gb-container gb-container-b4e20b13\">\n<div class=\"gb-container gb-container-d8fa5329 psc-container\">\n\n<p class=\"gb-headline gb-headline-9505f131 gb-headline-text\"><strong>Conf\u00e9rence annuelle : R\u00c9SERVEZ LA DATE !<\/strong><\/p>\n\n\n\n<p><br\/>La conf\u00e9rence annuelle 2025 des partenaires du CSP se tiendra \u00e0 Denver, dans le Colorado !<\/p>\n\n\n\n<p>Marquez vos calendriers et faites vos valises, car du 12 au 14 septembre 2025, nous nous rassemblerons dans l&rsquo;\u00e9tonnante Mile High City pour un week-end rempli de connexions, d&rsquo;\u00e9ducation et d&rsquo;autonomisation. Les paysages \u00e0 couper le souffle, la culture dynamique et la communaut\u00e9 accueillante de Denver en font la toile de fond id\u00e9ale pour cet \u00e9v\u00e9nement incontournable.<\/p>\n\n\n\n<p>L&rsquo;inscription anticip\u00e9e est MAINTENANT OUVERTE\u00a0!<\/p>\n\n\n\n<p>R\u00e9servez votre place d\u00e8s aujourd&rsquo;hui et profitez de notre tarif sp\u00e9cial pour les inscriptions anticip\u00e9es. C&rsquo;est l&rsquo;occasion pour vous d&rsquo;\u00e9changer avec les plus grands experts de la CSP, de rencontrer d&rsquo;autres personnes qui comprennent vraiment votre parcours, et de faire partie du mouvement qui fa\u00e7onne l&rsquo;avenir de la recherche et des soins en mati\u00e8re de CSP. <\/p>\n\n\n\n<p>Nous sommes impatients de vous voir \u00e0 Denver\u00a0! Restez \u00e0 l&rsquo;\u00e9coute pour plus de d\u00e9tails, notamment sur les h\u00f4tels, les orateurs et les \u00e9v\u00e9nements sp\u00e9ciaux. <\/p>\n\n\n<div class=\"gb-container gb-container-92f801a7\">\n\n<a class=\"gb-button gb-button-a62f5c00 gb-button-text psc-meroon-button read-more\" href=\"https:\/\/web.cvent.com\/event\/2a1f9350-5ae5-4dbc-a4bc-59b53f0becf5\/summary\" target=\"_blank\" rel=\"noopener noreferrer\">Registre<\/a>\n\n<\/div>\n<\/div>\n<\/div>\n<p><\/p>\n","protected":false},"excerpt":{"rendered":"<p>Conf\u00e9rence annuelle : R\u00c9SERVEZ LA DATE ! La conf\u00e9rence annuelle 2025 des partenaires du CSP se tiendra \u00e0 Denver, dans le Colorado ! Marquez vos calendriers et faites vos valises, car du 12 au 14 septembre 2025, nous nous rassemblerons dans l&rsquo;\u00e9tonnante Mile High City pour un week-end rempli de connexions, d&rsquo;\u00e9ducation et d&rsquo;autonomisation. Les &#8230; <a title=\"Conf\u00e9rence annuelle des partenaires du CSP 2025 : R\u00e9servez la date&nbsp;!\" class=\"read-more\" href=\"https:\/\/pscpartners.ca\/fr\/conference-annuelle-des-partenaires-du-cps-2025-reservez-la-date\/\" aria-label=\"En savoir plus sur Conf\u00e9rence annuelle des partenaires du CSP 2025 : R\u00e9servez la date&nbsp;!\">Lire plus<\/a><\/p>\n","protected":false},"author":2,"featured_media":6070,"comment_status":"closed","ping_status":"closed","sticky":false,"template":"","format":"standard","meta":{"_acf_changed":false,"_seopress_robots_primary_cat":"none","_seopress_titles_title":"2025 La conf\u00e9rence annuelle des partenaires du CSP se tiendra \u00e0 Denver !","_seopress_titles_desc":"Participez aux discussions avec les principaux experts des CSP, rencontrez d'autres personnes qui comprennent vraiment votre parcours et faites partie du mouvement qui fa\u00e7onne l'avenir de la recherche et des soins dans le domaine des CSP.","_seopress_robots_index":"","footnotes":""},"categories":[39],"tags":[],"class_list":["post-5832","post","type-post","status-publish","format-standard","has-post-thumbnail","hentry","category-evenements-a-venir"],"acf":[],"_links":{"self":[{"href":"https:\/\/pscpartners.ca\/fr\/wp-json\/wp\/v2\/posts\/5832","targetHints":{"allow":["GET"]}}],"collection":[{"href":"https:\/\/pscpartners.ca\/fr\/wp-json\/wp\/v2\/posts"}],"about":[{"href":"https:\/\/pscpartners.ca\/fr\/wp-json\/wp\/v2\/types\/post"}],"author":[{"embeddable":true,"href":"https:\/\/pscpartners.ca\/fr\/wp-json\/wp\/v2\/users\/2"}],"replies":[{"embeddable":true,"href":"https:\/\/pscpartners.ca\/fr\/wp-json\/wp\/v2\/comments?post=5832"}],"version-history":[{"count":16,"href":"https:\/\/pscpartners.ca\/fr\/wp-json\/wp\/v2\/posts\/5832\/revisions"}],"predecessor-version":[{"id":6417,"href":"https:\/\/pscpartners.ca\/fr\/wp-json\/wp\/v2\/posts\/5832\/revisions\/6417"}],"wp:featuredmedia":[{"embeddable":true,"href":"https:\/\/pscpartners.ca\/fr\/wp-json\/wp\/v2\/media\/6070"}],"wp:attachment":[{"href":"https:\/\/pscpartners.ca\/fr\/wp-json\/wp\/v2\/media?parent=5832"}],"wp:term":[{"taxonomy":"category","embeddable":true,"href":"https:\/\/pscpartners.ca\/fr\/wp-json\/wp\/v2\/categories?post=5832"},{"taxonomy":"post_tag","embeddable":true,"href":"https:\/\/pscpartners.ca\/fr\/wp-json\/wp\/v2\/tags?post=5832"}],"curies":[{"name":"wp","href":"https:\/\/api.w.org\/{rel}","templated":true}]}}